{"id":4213,"date":"2020-03-11T02:15:50","date_gmt":"2020-03-11T00:15:50","guid":{"rendered":"http:\/\/margot-duclot-avocat.com\/avocatendroitdutravailetdunumerique\/?p=4213"},"modified":"2023-08-20T12:50:53","modified_gmt":"2023-08-20T10:50:53","slug":"un-refus-de-renouveler-un-cdd-juge-discriminatoire-par-le-tribunal-administratif-de-paris","status":"publish","type":"post","link":"https:\/\/margot-duclot-avocat.com\/avocatendroitdutravailetdunumerique\/un-refus-de-renouveler-un-cdd-juge-discriminatoire-par-le-tribunal-administratif-de-paris\/","title":{"rendered":"Un refus de renouveler un CDD jug\u00e9 discriminatoire par le Tribunal administratif de Paris"},"content":{"rendered":"<p>Par un jugement rendu le 10 octobre 2019, le Tribunal administratif de Paris annule la d\u00e9cision d&rsquo;une collectivit\u00e9 publique de ne pas renouveler le contrat \u00e0 dur\u00e9e d\u00e9termin\u00e9e d&rsquo;un agent alors que ce dernier souffrait de probl\u00e8mes de sant\u00e9.<\/p>\n<p>En l&rsquo;esp\u00e8ce, le requ\u00e9rant travaillait depuis 2008 par CDD renouvel\u00e9s d&rsquo;une ann\u00e9e sur l&rsquo;autre, en remplacement d&rsquo;agents titulaires absents. Fin 2017, suite \u00e0 la reconnaissance d&rsquo;un handicap par la MDPH et \u00e0 une restriction d&rsquo;aptitude par la m\u00e9decine du travail, la collectivit\u00e9 publique avait d\u00e9cid\u00e9 de ne pas renouveler son contrat.<\/p>\n<p>Arguant que cette d\u00e9cision <span style=\"background-color: #ffffff; color: #333333; display: inline; float: none; font-family: Georgia,&amp;quot; times new roman&amp;quot;,&amp;quot;bitstream charter&amp;quot;,times,serif; font-size: 16px; font-style: normal; font-variant: normal; font-weight: 400; letter-spacing: normal; orphans: 2; text-align: left; text-decoration: none; text-indent: 0px; text-transform: none; -webkit-text-stroke-width: 0px; white-space: normal; word-spacing: 0px;\">\u00e9tait discriminatoire car li\u00e9e \u00e0 son \u00e9tat de sant\u00e9, l&rsquo;<\/span>agent avait saisi le Tribunal administratif pour en obtenir l&rsquo;annulation.<\/p>\n<p><strong>Discrimination<\/strong>. Le Tribunal, constatant que la collectivit\u00e9 publique n&rsquo;avait pas suivi les pr\u00e9conisations de la m\u00e9decine du travail, qu&rsquo;elle ne d\u00e9montrait pas que sa d\u00e9cision ait \u00e9t\u00e9 prise dans l&rsquo;int\u00e9r\u00eat du service, ni qu&rsquo;elle ait \u00e9t\u00e9 justifi\u00e9e par la mani\u00e8re de servir de l&rsquo;agent, conclu \u00e0 l&rsquo;existence d&rsquo;une discrimination :<\/p>\n<blockquote><p><em>\u00ab\u00a0la d\u00e9cision par laquelle (la collectivit\u00e9) a refus\u00e9 de proc\u00e9der au renouvellement de son contrat doit \u00eatre regard\u00e9e comme proc\u00e9dant d\u2019une discrimination li\u00e9e \u00e0 son \u00e9tat de sant\u00e9.\u00a0\u00bb<\/em><\/p><\/blockquote>\n<p>La d\u00e9cision contest\u00e9e est annul\u00e9e. L&rsquo;indemnisation est en cours.<\/p>\n","protected":false},"excerpt":{"rendered":"<p>Par un jugement rendu le 10 octobre 2019, le Tribunal administratif de Paris juge discriminatoire la d\u00e9cision d&rsquo;une collectivit\u00e9 publique de ne pas renouveler le contrat \u00e0 dur\u00e9e d\u00e9termin\u00e9e d&rsquo;un agent alors que ce dernier souffre de probl\u00e8mes de sant\u00e9. <\/p>\n","protected":false},"author":1,"featured_media":4214,"comment_status":"closed","ping_status":"open","sticky":false,"template":"","format":"standard","meta":{"_themeisle_gutenberg_block_has_review":false,"jetpack_post_was_ever_published":false,"_jetpack_newsletter_access":"","footnotes":"","jetpack_publicize_message":"","jetpack_is_tweetstorm":false,"jetpack_publicize_feature_enabled":true,"jetpack_social_post_already_shared":true,"jetpack_social_options":{"image_generator_settings":{"template":"highway","enabled":false}}},"categories":[53,84],"tags":[],"class_list":["post-4213","post","type-post","status-publish","format-standard","has-post-thumbnail","hentry","category-actualites-du-cabinet","category-defense-des-salaries"],"jetpack_publicize_connections":[],"yoast_head":"<!-- This site is optimized with the Yoast SEO plugin v20.13 - https:\/\/yoast.com\/wordpress\/plugins\/seo\/ -->\n<title>Un refus de renouveler un CDD jug\u00e9 discriminatoire par le Tribunal administratif de Paris - Etienne Margot-Duclot Avocat<\/title>\n<meta name=\"robots\" content=\"noindex, follow, max-snippet:-1, max-image-preview:large, max-video-preview:-1\" \/>\n<meta property=\"og:locale\" content=\"fr_FR\" \/>\n<meta property=\"og:type\" content=\"article\" \/>\n<meta property=\"og:title\" content=\"Un refus de renouveler un CDD jug\u00e9 discriminatoire par le Tribunal administratif de Paris - Etienne Margot-Duclot Avocat\" \/>\n<meta property=\"og:description\" content=\"Par un jugement rendu le 10 octobre 2019, le Tribunal administratif de Paris juge discriminatoire la d\u00e9cision d&#039;une collectivit\u00e9 publique de ne pas renouveler le contrat \u00e0 dur\u00e9e d\u00e9termin\u00e9e d&#039;un agent alors que ce dernier souffre de probl\u00e8mes de sant\u00e9.\" \/>\n<meta property=\"og:url\" content=\"https:\/\/margot-duclot-avocat.com\/avocatendroitdutravailetdunumerique\/un-refus-de-renouveler-un-cdd-juge-discriminatoire-par-le-tribunal-administratif-de-paris\/\" \/>\n<meta property=\"og:site_name\" content=\"Etienne Margot-Duclot Avocat\" \/>\n<meta property=\"article:published_time\" content=\"2020-03-11T00:15:50+00:00\" \/>\n<meta property=\"article:modified_time\" content=\"2023-08-20T10:50:53+00:00\" \/>\n<meta property=\"og:image\" content=\"https:\/\/margot-duclot-avocat.com\/wp-content\/uploads\/2020\/03\/Tribunal-administratif.png\" \/>\n\t<meta property=\"og:image:width\" content=\"295\" \/>\n\t<meta property=\"og:image:height\" content=\"171\" \/>\n\t<meta property=\"og:image:type\" content=\"image\/png\" \/>\n<meta name=\"author\" content=\"Etienne Margot-Duclot\" \/>\n<meta name=\"twitter:card\" content=\"summary_large_image\" \/>\n<meta name=\"twitter:creator\" content=\"@etienne_md\" \/>\n<meta name=\"twitter:site\" content=\"@etienne_md\" \/>\n<meta name=\"twitter:label1\" content=\"\u00c9crit par\" \/>\n\t<meta name=\"twitter:data1\" content=\"Etienne Margot-Duclot\" \/>\n\t<meta name=\"twitter:label2\" content=\"Dur\u00e9e de lecture estim\u00e9e\" \/>\n\t<meta name=\"twitter:data2\" content=\"1 minute\" \/>\n<script type=\"application\/ld+json\" class=\"yoast-schema-graph\">{\"@context\":\"https:\/\/schema.org\",\"@graph\":[{\"@type\":\"WebPage\",\"@id\":\"https:\/\/margot-duclot-avocat.com\/avocatendroitdutravailetdunumerique\/un-refus-de-renouveler-un-cdd-juge-discriminatoire-par-le-tribunal-administratif-de-paris\/\",\"url\":\"https:\/\/margot-duclot-avocat.com\/avocatendroitdutravailetdunumerique\/un-refus-de-renouveler-un-cdd-juge-discriminatoire-par-le-tribunal-administratif-de-paris\/\",\"name\":\"Un refus de renouveler un CDD jug\u00e9 discriminatoire par le Tribunal administratif de Paris - Etienne Margot-Duclot Avocat\",\"isPartOf\":{\"@id\":\"https:\/\/margot-duclot-avocat.com\/avocatendroitdutravailetdunumerique\/#website\"},\"datePublished\":\"2020-03-11T00:15:50+00:00\",\"dateModified\":\"2023-08-20T10:50:53+00:00\",\"author\":{\"@id\":\"https:\/\/margot-duclot-avocat.com\/avocatendroitdutravailetdunumerique\/#\/schema\/person\/a4ef5105b0d47abd26c559656023046d\"},\"breadcrumb\":{\"@id\":\"https:\/\/margot-duclot-avocat.com\/avocatendroitdutravailetdunumerique\/un-refus-de-renouveler-un-cdd-juge-discriminatoire-par-le-tribunal-administratif-de-paris\/#breadcrumb\"},\"inLanguage\":\"fr-FR\",\"potentialAction\":[{\"@type\":\"ReadAction\",\"target\":[\"https:\/\/margot-duclot-avocat.com\/avocatendroitdutravailetdunumerique\/un-refus-de-renouveler-un-cdd-juge-discriminatoire-par-le-tribunal-administratif-de-paris\/\"]}]},{\"@type\":\"BreadcrumbList\",\"@id\":\"https:\/\/margot-duclot-avocat.com\/avocatendroitdutravailetdunumerique\/un-refus-de-renouveler-un-cdd-juge-discriminatoire-par-le-tribunal-administratif-de-paris\/#breadcrumb\",\"itemListElement\":[{\"@type\":\"ListItem\",\"position\":1,\"name\":\"Accueil\",\"item\":\"https:\/\/margot-duclot-avocat.com\/avocatendroitdutravailetdunumerique\/\"},{\"@type\":\"ListItem\",\"position\":2,\"name\":\"Un refus de renouveler un CDD jug\u00e9 discriminatoire par le Tribunal administratif de Paris\"}]},{\"@type\":\"WebSite\",\"@id\":\"https:\/\/margot-duclot-avocat.com\/avocatendroitdutravailetdunumerique\/#website\",\"url\":\"https:\/\/margot-duclot-avocat.com\/avocatendroitdutravailetdunumerique\/\",\"name\":\"Etienne Margot-Duclot Avocat\",\"description\":\"Droit du travail et num\u00e9rique\",\"potentialAction\":[{\"@type\":\"SearchAction\",\"target\":{\"@type\":\"EntryPoint\",\"urlTemplate\":\"https:\/\/margot-duclot-avocat.com\/avocatendroitdutravailetdunumerique\/?s={search_term_string}\"},\"query-input\":\"required name=search_term_string\"}],\"inLanguage\":\"fr-FR\"},{\"@type\":\"Person\",\"@id\":\"https:\/\/margot-duclot-avocat.com\/avocatendroitdutravailetdunumerique\/#\/schema\/person\/a4ef5105b0d47abd26c559656023046d\",\"name\":\"Etienne Margot-Duclot\",\"url\":\"https:\/\/margot-duclot-avocat.com\/avocatendroitdutravailetdunumerique\/author\/admin2779\/\"}]}<\/script>\n<!-- \/ Yoast SEO plugin. -->","yoast_head_json":{"title":"Un refus de renouveler un CDD jug\u00e9 discriminatoire par le Tribunal administratif de Paris - Etienne Margot-Duclot Avocat","robots":{"index":"noindex","follow":"follow","max-snippet":"max-snippet:-1","max-image-preview":"max-image-preview:large","max-video-preview":"max-video-preview:-1"},"og_locale":"fr_FR","og_type":"article","og_title":"Un refus de renouveler un CDD jug\u00e9 discriminatoire par le Tribunal administratif de Paris - Etienne Margot-Duclot Avocat","og_description":"Par un jugement rendu le 10 octobre 2019, le Tribunal administratif de Paris juge discriminatoire la d\u00e9cision d'une collectivit\u00e9 publique de ne pas renouveler le contrat \u00e0 dur\u00e9e d\u00e9termin\u00e9e d'un agent alors que ce dernier souffre de probl\u00e8mes de sant\u00e9.","og_url":"https:\/\/margot-duclot-avocat.com\/avocatendroitdutravailetdunumerique\/un-refus-de-renouveler-un-cdd-juge-discriminatoire-par-le-tribunal-administratif-de-paris\/","og_site_name":"Etienne Margot-Duclot Avocat","article_published_time":"2020-03-11T00:15:50+00:00","article_modified_time":"2023-08-20T10:50:53+00:00","og_image":[{"width":295,"height":171,"url":"https:\/\/margot-duclot-avocat.com\/wp-content\/uploads\/2020\/03\/Tribunal-administratif.png","type":"image\/png"}],"author":"Etienne Margot-Duclot","twitter_card":"summary_large_image","twitter_creator":"@etienne_md","twitter_site":"@etienne_md","twitter_misc":{"\u00c9crit par":"Etienne Margot-Duclot","Dur\u00e9e de lecture estim\u00e9e":"1 minute"},"schema":{"@context":"https:\/\/schema.org","@graph":[{"@type":"WebPage","@id":"https:\/\/margot-duclot-avocat.com\/avocatendroitdutravailetdunumerique\/un-refus-de-renouveler-un-cdd-juge-discriminatoire-par-le-tribunal-administratif-de-paris\/","url":"https:\/\/margot-duclot-avocat.com\/avocatendroitdutravailetdunumerique\/un-refus-de-renouveler-un-cdd-juge-discriminatoire-par-le-tribunal-administratif-de-paris\/","name":"Un refus de renouveler un CDD jug\u00e9 discriminatoire par le Tribunal administratif de Paris - Etienne Margot-Duclot Avocat","isPartOf":{"@id":"https:\/\/margot-duclot-avocat.com\/avocatendroitdutravailetdunumerique\/#website"},"datePublished":"2020-03-11T00:15:50+00:00","dateModified":"2023-08-20T10:50:53+00:00","author":{"@id":"https:\/\/margot-duclot-avocat.com\/avocatendroitdutravailetdunumerique\/#\/schema\/person\/a4ef5105b0d47abd26c559656023046d"},"breadcrumb":{"@id":"https:\/\/margot-duclot-avocat.com\/avocatendroitdutravailetdunumerique\/un-refus-de-renouveler-un-cdd-juge-discriminatoire-par-le-tribunal-administratif-de-paris\/#breadcrumb"},"inLanguage":"fr-FR","potentialAction":[{"@type":"ReadAction","target":["https:\/\/margot-duclot-avocat.com\/avocatendroitdutravailetdunumerique\/un-refus-de-renouveler-un-cdd-juge-discriminatoire-par-le-tribunal-administratif-de-paris\/"]}]},{"@type":"BreadcrumbList","@id":"https:\/\/margot-duclot-avocat.com\/avocatendroitdutravailetdunumerique\/un-refus-de-renouveler-un-cdd-juge-discriminatoire-par-le-tribunal-administratif-de-paris\/#breadcrumb","itemListElement":[{"@type":"ListItem","position":1,"name":"Accueil","item":"https:\/\/margot-duclot-avocat.com\/avocatendroitdutravailetdunumerique\/"},{"@type":"ListItem","position":2,"name":"Un refus de renouveler un CDD jug\u00e9 discriminatoire par le Tribunal administratif de Paris"}]},{"@type":"WebSite","@id":"https:\/\/margot-duclot-avocat.com\/avocatendroitdutravailetdunumerique\/#website","url":"https:\/\/margot-duclot-avocat.com\/avocatendroitdutravailetdunumerique\/","name":"Etienne Margot-Duclot Avocat","description":"Droit du travail et num\u00e9rique","potentialAction":[{"@type":"SearchAction","target":{"@type":"EntryPoint","urlTemplate":"https:\/\/margot-duclot-avocat.com\/avocatendroitdutravailetdunumerique\/?s={search_term_string}"},"query-input":"required name=search_term_string"}],"inLanguage":"fr-FR"},{"@type":"Person","@id":"https:\/\/margot-duclot-avocat.com\/avocatendroitdutravailetdunumerique\/#\/schema\/person\/a4ef5105b0d47abd26c559656023046d","name":"Etienne Margot-Duclot","url":"https:\/\/margot-duclot-avocat.com\/avocatendroitdutravailetdunumerique\/author\/admin2779\/"}]}},"jetpack_featured_media_url":"https:\/\/margot-duclot-avocat.com\/wp-content\/uploads\/2020\/03\/Tribunal-administratif.png","jetpack_sharing_enabled":true,"jetpack_shortlink":"https:\/\/wp.me\/p9uKSo-15X","_links":{"self":[{"href":"https:\/\/margot-duclot-avocat.com\/avocatendroitdutravailetdunumerique\/wp-json\/wp\/v2\/posts\/4213","targetHints":{"allow":["GET"]}}],"collection":[{"href":"https:\/\/margot-duclot-avocat.com\/avocatendroitdutravailetdunumerique\/wp-json\/wp\/v2\/posts"}],"about":[{"href":"https:\/\/margot-duclot-avocat.com\/avocatendroitdutravailetdunumerique\/wp-json\/wp\/v2\/types\/post"}],"author":[{"embeddable":true,"href":"https:\/\/margot-duclot-avocat.com\/avocatendroitdutravailetdunumerique\/wp-json\/wp\/v2\/users\/1"}],"replies":[{"embeddable":true,"href":"https:\/\/margot-duclot-avocat.com\/avocatendroitdutravailetdunumerique\/wp-json\/wp\/v2\/comments?post=4213"}],"version-history":[{"count":4,"href":"https:\/\/margot-duclot-avocat.com\/avocatendroitdutravailetdunumerique\/wp-json\/wp\/v2\/posts\/4213\/revisions"}],"predecessor-version":[{"id":4220,"href":"https:\/\/margot-duclot-avocat.com\/avocatendroitdutravailetdunumerique\/wp-json\/wp\/v2\/posts\/4213\/revisions\/4220"}],"wp:featuredmedia":[{"embeddable":true,"href":"https:\/\/margot-duclot-avocat.com\/avocatendroitdutravailetdunumerique\/wp-json\/wp\/v2\/media\/4214"}],"wp:attachment":[{"href":"https:\/\/margot-duclot-avocat.com\/avocatendroitdutravailetdunumerique\/wp-json\/wp\/v2\/media?parent=4213"}],"wp:term":[{"taxonomy":"category","embeddable":true,"href":"https:\/\/margot-duclot-avocat.com\/avocatendroitdutravailetdunumerique\/wp-json\/wp\/v2\/categories?post=4213"},{"taxonomy":"post_tag","embeddable":true,"href":"https:\/\/margot-duclot-avocat.com\/avocatendroitdutravailetdunumerique\/wp-json\/wp\/v2\/tags?post=4213"}],"curies":[{"name":"wp","href":"https:\/\/api.w.org\/{rel}","templated":true}]}}