{"id":655,"date":"2016-06-19T01:00:55","date_gmt":"2016-06-19T00:00:55","guid":{"rendered":"http:\/\/margot-duclot-avocat.com\/avocatendroitdutravailetdunumerique\/?p=655"},"modified":"2017-03-08T20:11:45","modified_gmt":"2017-03-08T18:11:45","slug":"prudhommes-nouvelle-procedure-entre-vigueur","status":"publish","type":"post","link":"https:\/\/margot-duclot-avocat.com\/avocatendroitdutravailetdunumerique\/prudhommes-nouvelle-procedure-entre-vigueur\/","title":{"rendered":"Prud&rsquo;hommes : la loi Macron entre en vigueur"},"content":{"rendered":"<div id=\"pl-655\"  class=\"panel-layout\" ><div id=\"pg-655-0\"  class=\"panel-grid panel-no-style\" ><div id=\"pgc-655-0-0\"  class=\"panel-grid-cell\" ><div id=\"panel-655-0-0-0\" class=\"so-panel widget widget_sow-editor panel-first-child panel-last-child\" data-index=\"0\" ><div\n\t\t\t\n\t\t\tclass=\"so-widget-sow-editor so-widget-sow-editor-base\"\n\t\t\t\n\t\t>\n<div class=\"siteorigin-widget-tinymce textwidget\">\n\t<p style=\"text-align: justify;\"><strong>Prud'hommes Loi Macron<\/strong>. Les conseils de prud\u2019hommes sont souvent critiqu\u00e9s pour la dur\u00e9e des proc\u00e9dures et l\u2019impr\u00e9visibilit\u00e9 de leurs jugements. En effet, ils d\u00e9tiennent le triste record, parmi les juridictions fran\u00e7aises, des proc\u00e9dures les plus longues et du taux d\u2019infirmation en appel le plus \u00e9lev\u00e9.<\/p>\n<p style=\"text-align: justify;\">Sans bouleverser la juridiction prud\u2019homale, le <a href=\"https:\/\/www.legifrance.gouv.fr\/jo_pdf.do?id=JORFTEXT000032576110\">d\u00e9cret paru le 20 mai 2016<\/a> en application de la loi \u00ab\u00a0Macron\u00a0\u00bb du 6 ao\u00fbt 2015 vise \u00e0 acc\u00e9l\u00e9rer la mise en \u00e9tat\u00a0et le jugement\u00a0<span style=\"color: #000000;\">des <\/span>affaires.<\/p>\n<h3 style=\"text-align: justify;\"><span style=\"color: #457599;\"><strong>1.\u00a0 Une proc\u00e9dure plus rigoureuse<\/strong><\/span><\/h3>\n<p style=\"text-align: justify;\"><strong><a href=\"http:\/\/margot-duclot-avocat.com\/wp-content\/uploads\/2016\/06\/Sch\u00e9ma-proc\u00e9dure-prudhomale-2-e1466432981515.jpg\"><img loading=\"lazy\" decoding=\"async\" class=\"wp-image-687 alignright\" src=\"http:\/\/margot-duclot-avocat.com\/wp-content\/uploads\/2016\/06\/Sch\u00e9ma-proc\u00e9dure-prudhomale-2-1024x976.jpg\" alt=\"Prud'hommes loi Macron\" width=\"530\" height=\"505\" \/><\/a><\/strong><\/p>\n<p style=\"text-align: justify;\">Dans le but d'acc\u00e9l\u00e9rer le traitement des affaires, le texte pr\u00e9voit des r\u00e8gles plus strictes aux diff\u00e9rents stades de la proc\u00e9dure.<\/p>\n<p style=\"text-align: justify;\"><strong>Saisine formalis\u00e9e<\/strong>. Les r\u00e8gles de saisine du Conseil de prud\u2019hommes deviennent plus formalistes. La d\u00e9claration orale au greffe est abandonn\u00e9e. A compter du 1<sup>er<\/sup> ao\u00fbt 2016, \u00e0 peine de nullit\u00e9 de la saisine, les requ\u00eates devront \u00eatre conformes aux r\u00e8gles de l\u2019article <a href=\"https:\/\/www.legifrance.gouv.fr\/affichCodeArticle.do?idArticle=LEGIARTI000006410162&amp;cidTexte=LEGITEXT000006070716\">58 du Code de proc\u00e9dure civile<\/a>. En outre, elles devront contenir un expos\u00e9 sommaire des motifs, mentionner chacun des chefs de demandes, \u00eatre accompagn\u00e9es des pi\u00e8ces utiles et d\u2019un bordereau r\u00e9capitulatif.<\/p>\n<p style=\"text-align: justify;\"><strong>Conclusions entre avocats<\/strong>. Les \u00e9critures entre les parties \u00e9taient jusqu\u2019\u00e0 pr\u00e9sent facultatives et soumises \u00e0 aucune r\u00e8gle de forme. \u00a0Le principe de l'oralit\u00e9 demeure mais les avocats sont d\u00e9sormais tenus aux r\u00e8gles de proc\u00e9dure applicables devant les juridictions civiles de droit commun. Leurs conclusions mentionnent les pr\u00e9tentions ainsi que les moyens en fait et en droit sur lesquels elles sont fond\u00e9es. Elles indiquent pour chaque pr\u00e9tention les pi\u00e8ces pertinentes. Les pr\u00e9tentions sont r\u00e9capitul\u00e9es sous forme de dispositif. Le bureau de jugement ou la formation des r\u00e9f\u00e9r\u00e9s statue uniquement sur les pr\u00e9tentions vis\u00e9es au dispositif. Si plusieurs conclusions sont \u00e9chang\u00e9es, le Conseil de prud\u2019hommes ne juge que sur la base des derni\u00e8res conclusions communiqu\u00e9es. Les pr\u00e9tentions et moyens pr\u00e9sent\u00e9s ou invoqu\u00e9s dans des conclusions ant\u00e9rieures et non repris sont pr\u00e9sum\u00e9s \u00eatre abandonn\u00e9s.<\/p>\n<p style=\"text-align: justify;\"><strong>Repr\u00e9sentation obligatoire en appel.<\/strong> En cas d'appel, la repr\u00e9sentation\u00a0par un avocat ou un d\u00e9fenseur syndical devient\u00a0obligatoire.<\/p>\n<h3 style=\"text-align: justify;\"><span style=\"color: #457599;\"><strong>2.\u00a0 Les absents ont toujours torts<\/strong><\/span><\/h3>\n<p style=\"text-align: justify;\"><strong>Jugement sur le champ<\/strong>. La sanction de l\u2019absence des parties \u00e0 l\u2019audience de conciliation est renforc\u00e9e. Si l\u2019une d\u2019elles est absente et n\u2019est pas repr\u00e9sent\u00e9e par un avocat ou l\u2019une des personnes vis\u00e9es \u00e0 l\u2019article <a href=\"https:\/\/www.legifrance.gouv.fr\/affichCodeArticle.do?cidTexte=LEGITEXT000006072050&amp;idArticle=LEGIARTI000018484869&amp;dateTexte=&amp;categorieLien=cid\">R.1453-2 du code du travail<\/a>, le bureau de conciliation et d\u2019orientation doit en principe juger l\u2019affaire sur le champ, sauf s\u2019il estime qu\u2019une mise en \u00e9tat est n\u00e9cessaire, auquel cas un calendrier de communication des pi\u00e8ces et une date d\u2019audience sont fix\u00e9s.<\/p>\n<p style=\"text-align: justify;\"><strong>Lettre d'excuse?<\/strong> Le nouveau texte ne semble plus exiger des parties absentes \u00e0 l\u2019audience de conciliation de justifier leur absence si elles sont repr\u00e9sent\u00e9es. Par prudence, on pr\u00e9f\u00e9rera adresser un courrier au pr\u00e9sident du conseil de prud\u2019hommes en invoquant une excuse l\u00e9gitime.<\/p>\n<h3 style=\"text-align: justify;\"><span style=\"color: #457599;\"><strong>3.\u00a0 Un super bureau de conciliation<\/strong><\/span><\/h3>\n<p style=\"text-align: justify;\">Le bureau de conciliation est renomm\u00e9 \u00ab\u00a0bureau de conciliation et d\u2019orientation\u00a0\u00bb. Ses pouvoirs sont \u00e9tendus. Il peut juger imm\u00e9diatement l\u2019affaire s\u2019il estime qu\u2019elle est en \u00e9tat de l\u2019\u00eatre.<\/p>\n<p style=\"text-align: justify;\"><strong>Mise en \u00e9tat.<\/strong> Il veille \u00e0 la mise en \u00e9tat de l\u2019affaire. Il peut enjoindre \u00e0 une partie de communiquer une pi\u00e8ce utile au proc\u00e8s. Il peut ordonner \u00e0 l\u2019employeur d\u2019\u00e9tablir et de communiquer au salari\u00e9 une attestation Pole Emploi. Si les parties ne respectent pas le calendrier de communication des pi\u00e8ces qu\u2019il a fix\u00e9, il peut rappeler l\u2019affaire pour la juger imm\u00e9diatement, la radier ou fixer une date \u00e0 un d\u00e9lai rapproch\u00e9.<\/p>\n<p style=\"text-align: justify;\"><strong>Orientation<\/strong>. Le bureau\u00a0oriente les parties. Si le litige a pour objet une r\u00e9siliation judiciaire ou un licenciement, il peut d\u00e9cider, avec l\u2019accord des parties, que l\u2019affaire sera jug\u00e9e dans un d\u00e9lai de trois mois par un bureau de jugement restreint, compos\u00e9 d\u2019un conseiller prud\u2019hommes salari\u00e9 et d\u2019un conseiller prud\u2019hommes employeur.<\/p>\n<p style=\"text-align: justify;\">Il peut proposer aux parties des alternatives \u00e0 la proc\u00e9dure contentieuse : la m\u00e9diation et la proc\u00e9dure participative pr\u00e9vues par le code de proc\u00e9dure civile.<\/p>\n<h3 style=\"text-align: justify;\"><span style=\"color: #457599;\"><strong>4.\u00a0 Des proc\u00e9dures acc\u00e9l\u00e9r\u00e9es<\/strong><\/span><\/h3>\n<p style=\"text-align: justify;\">Les proc\u00e9dures les plus courantes ont \u00e9t\u00e9 modifi\u00e9es pour \u00eatre jug\u00e9es de mani\u00e8re acc\u00e9l\u00e9r\u00e9e. Les proc\u00e9dures sans conciliation pr\u00e9alable d\u00e9j\u00e0 pr\u00e9vues par le code du travail demeurent en vigueur.<\/p>\n<p style=\"text-align: justify;\"><img loading=\"lazy\" decoding=\"async\" class=\"wp-image-688 aligncenter\" src=\"http:\/\/margot-duclot-avocat.com\/wp-content\/uploads\/2016\/06\/Tableau-d\u00e9lais-proc\u00e9dure-prudhommes.jpg\" alt=\"Tableau d\u00e9lais proc\u00e9dure prud'hommes\" width=\"656\" height=\"331\" srcset=\"https:\/\/margot-duclot-avocat.com\/wp-content\/uploads\/2016\/06\/Tableau-d\u00e9lais-proc\u00e9dure-prudhommes.jpg 943w, https:\/\/margot-duclot-avocat.com\/wp-content\/uploads\/2016\/06\/Tableau-d\u00e9lais-proc\u00e9dure-prudhommes-300x151.jpg 300w, https:\/\/margot-duclot-avocat.com\/wp-content\/uploads\/2016\/06\/Tableau-d\u00e9lais-proc\u00e9dure-prudhommes-768x388.jpg 768w\" sizes=\"auto, (max-width: 656px) 100vw, 656px\" \/><\/p>\n<h3 style=\"text-align: justify;\"><span style=\"color: #457599;\"><strong>5.\u00a0 Entr\u00e9e en vigueur<\/strong><\/span><\/h3>\n<p style=\"text-align: justify;\">L\u2019entr\u00e9e en vigueur du d\u00e9cret est imm\u00e9diate, \u00e0 l'exception de certaines dispositions\u00a0dont l'application est report\u00e9e \u00a0au 1<sup>er<\/sup> ao\u00fbt 2016 :<\/p>\n<ul>\n<li style=\"text-align: justify;\">la saisine du conseil de prud\u2019hommes,<\/li>\n<li style=\"text-align: justify;\">la r\u00e9daction des conclusions entre avocats,<\/li>\n<li style=\"text-align: justify;\">l\u2019obligation de communication de l\u2019employeur en cas de licenciement pour motif \u00e9conomique,<\/li>\n<li style=\"text-align: justify;\">la repr\u00e9sentation obligatoire en appel.<\/li>\n<\/ul>\n<p style=\"text-align: justify;\">\u00a0<\/p>\n<p><a href=\"http:\/\/margot-duclot-avocat.com\/wp-content\/uploads\/2016\/06\/Sch\u00e9ma-proc\u00e9dure-prudhomale-2-e1466432981515.jpg\">\u00a0<\/a><\/p>\n<p>\u00a0<\/p>\n<p>\u00a0<\/p>\n<p>\u00a0<\/p>\n<p style=\"text-align: justify;\">\u00a0<\/p>\n<p>\u00a0<\/p>\n<\/div>\n<\/div><\/div><\/div><\/div><\/div>","protected":false},"excerpt":{"rendered":"<p>Prud&rsquo;hommes Loi Macron. Les conseils de prud\u2019hommes sont souvent critiqu\u00e9s pour la dur\u00e9e des proc\u00e9dures et l\u2019impr\u00e9visibilit\u00e9 de leurs jugements. En effet, ils d\u00e9tiennent le triste record, parmi les juridictions fran\u00e7aises, des proc\u00e9dures les plus longues et du taux d\u2019infirmation en appel le plus \u00e9lev\u00e9.Sans bouleverser la juridiction prud\u2019homale, le d\u00e9cret paru le 20 mai&hellip;<\/p>\n","protected":false},"author":1,"featured_media":664,"comment_status":"open","ping_status":"open","sticky":false,"template":"","format":"standard","meta":{"_themeisle_gutenberg_block_has_review":false,"jetpack_post_was_ever_published":false,"_jetpack_newsletter_access":"","footnotes":"","jetpack_publicize_message":"","jetpack_is_tweetstorm":false,"jetpack_publicize_feature_enabled":true,"jetpack_social_post_already_shared":false,"jetpack_social_options":{"image_generator_settings":{"template":"highway","enabled":false}}},"categories":[12],"tags":[],"class_list":["post-655","post","type-post","status-publish","format-standard","has-post-thumbnail","hentry","category-conseil-de-prudhommes"],"jetpack_publicize_connections":[],"yoast_head":"<!-- This site is optimized with the Yoast SEO plugin v20.13 - https:\/\/yoast.com\/wordpress\/plugins\/seo\/ -->\n<title>Prud&#039;hommes : la loi Macron entre en vigueur - Etienne Margot-Duclot Avocat<\/title>\n<meta name=\"description\" content=\"La nouvelle proc\u00e9dure prud&#039;homale issue de la loi &quot;Macron&quot; entre en vigueur. Elle vise \u00e0 acc\u00e9l\u00e9rer la mise en \u00e9tat et le jugement des affaires.\" \/>\n<meta name=\"robots\" content=\"noindex, follow, max-snippet:-1, max-image-preview:large, max-video-preview:-1\" \/>\n<meta property=\"og:locale\" content=\"fr_FR\" \/>\n<meta property=\"og:type\" content=\"article\" \/>\n<meta property=\"og:title\" content=\"Prud&#039;hommes : la loi Macron entre en vigueur - Etienne Margot-Duclot Avocat\" \/>\n<meta property=\"og:description\" content=\"La nouvelle proc\u00e9dure prud&#039;homale issue de la loi &quot;Macron&quot; entre en vigueur. Elle vise \u00e0 acc\u00e9l\u00e9rer la mise en \u00e9tat et le jugement des affaires.\" \/>\n<meta property=\"og:url\" content=\"https:\/\/margot-duclot-avocat.com\/avocatendroitdutravailetdunumerique\/prudhommes-nouvelle-procedure-entre-vigueur\/\" \/>\n<meta property=\"og:site_name\" content=\"Etienne Margot-Duclot Avocat\" \/>\n<meta property=\"article:published_time\" content=\"2016-06-19T00:00:55+00:00\" \/>\n<meta property=\"article:modified_time\" content=\"2017-03-08T18:11:45+00:00\" \/>\n<meta property=\"og:image\" content=\"https:\/\/margot-duclot-avocat.com\/wp-content\/uploads\/2016\/06\/P1020260-768x1024.jpg\" \/>\n\t<meta property=\"og:image:width\" content=\"768\" \/>\n\t<meta property=\"og:image:height\" content=\"1024\" \/>\n\t<meta property=\"og:image:type\" content=\"image\/jpeg\" \/>\n<meta name=\"author\" content=\"Etienne Margot-Duclot\" \/>\n<meta name=\"twitter:card\" content=\"summary_large_image\" \/>\n<meta name=\"twitter:creator\" content=\"@etienne_md\" \/>\n<meta name=\"twitter:site\" content=\"@etienne_md\" \/>\n<meta name=\"twitter:label1\" content=\"\u00c9crit par\" \/>\n\t<meta name=\"twitter:data1\" content=\"Etienne Margot-Duclot\" \/>\n\t<meta name=\"twitter:label2\" content=\"Dur\u00e9e de lecture estim\u00e9e\" \/>\n\t<meta name=\"twitter:data2\" content=\"4 minutes\" \/>\n<script type=\"application\/ld+json\" class=\"yoast-schema-graph\">{\"@context\":\"https:\/\/schema.org\",\"@graph\":[{\"@type\":\"WebPage\",\"@id\":\"https:\/\/margot-duclot-avocat.com\/avocatendroitdutravailetdunumerique\/prudhommes-nouvelle-procedure-entre-vigueur\/\",\"url\":\"https:\/\/margot-duclot-avocat.com\/avocatendroitdutravailetdunumerique\/prudhommes-nouvelle-procedure-entre-vigueur\/\",\"name\":\"Prud'hommes : la loi Macron entre en vigueur - Etienne Margot-Duclot Avocat\",\"isPartOf\":{\"@id\":\"https:\/\/margot-duclot-avocat.com\/avocatendroitdutravailetdunumerique\/#website\"},\"datePublished\":\"2016-06-19T00:00:55+00:00\",\"dateModified\":\"2017-03-08T18:11:45+00:00\",\"author\":{\"@id\":\"https:\/\/margot-duclot-avocat.com\/avocatendroitdutravailetdunumerique\/#\/schema\/person\/a4ef5105b0d47abd26c559656023046d\"},\"description\":\"La nouvelle proc\u00e9dure prud'homale issue de la loi \\\"Macron\\\" entre en vigueur. Elle vise \u00e0 acc\u00e9l\u00e9rer la mise en \u00e9tat et le jugement des affaires.\",\"breadcrumb\":{\"@id\":\"https:\/\/margot-duclot-avocat.com\/avocatendroitdutravailetdunumerique\/prudhommes-nouvelle-procedure-entre-vigueur\/#breadcrumb\"},\"inLanguage\":\"fr-FR\",\"potentialAction\":[{\"@type\":\"ReadAction\",\"target\":[\"https:\/\/margot-duclot-avocat.com\/avocatendroitdutravailetdunumerique\/prudhommes-nouvelle-procedure-entre-vigueur\/\"]}]},{\"@type\":\"BreadcrumbList\",\"@id\":\"https:\/\/margot-duclot-avocat.com\/avocatendroitdutravailetdunumerique\/prudhommes-nouvelle-procedure-entre-vigueur\/#breadcrumb\",\"itemListElement\":[{\"@type\":\"ListItem\",\"position\":1,\"name\":\"Accueil\",\"item\":\"https:\/\/margot-duclot-avocat.com\/avocatendroitdutravailetdunumerique\/\"},{\"@type\":\"ListItem\",\"position\":2,\"name\":\"Prud&rsquo;hommes : la loi Macron entre en vigueur\"}]},{\"@type\":\"WebSite\",\"@id\":\"https:\/\/margot-duclot-avocat.com\/avocatendroitdutravailetdunumerique\/#website\",\"url\":\"https:\/\/margot-duclot-avocat.com\/avocatendroitdutravailetdunumerique\/\",\"name\":\"Etienne Margot-Duclot Avocat\",\"description\":\"Droit du travail et num\u00e9rique\",\"potentialAction\":[{\"@type\":\"SearchAction\",\"target\":{\"@type\":\"EntryPoint\",\"urlTemplate\":\"https:\/\/margot-duclot-avocat.com\/avocatendroitdutravailetdunumerique\/?s={search_term_string}\"},\"query-input\":\"required name=search_term_string\"}],\"inLanguage\":\"fr-FR\"},{\"@type\":\"Person\",\"@id\":\"https:\/\/margot-duclot-avocat.com\/avocatendroitdutravailetdunumerique\/#\/schema\/person\/a4ef5105b0d47abd26c559656023046d\",\"name\":\"Etienne Margot-Duclot\",\"url\":\"https:\/\/margot-duclot-avocat.com\/avocatendroitdutravailetdunumerique\/author\/admin2779\/\"}]}<\/script>\n<!-- \/ Yoast SEO plugin. -->","yoast_head_json":{"title":"Prud'hommes : la loi Macron entre en vigueur - Etienne Margot-Duclot Avocat","description":"La nouvelle proc\u00e9dure prud'homale issue de la loi \"Macron\" entre en vigueur. Elle vise \u00e0 acc\u00e9l\u00e9rer la mise en \u00e9tat et le jugement des affaires.","robots":{"index":"noindex","follow":"follow","max-snippet":"max-snippet:-1","max-image-preview":"max-image-preview:large","max-video-preview":"max-video-preview:-1"},"og_locale":"fr_FR","og_type":"article","og_title":"Prud'hommes : la loi Macron entre en vigueur - Etienne Margot-Duclot Avocat","og_description":"La nouvelle proc\u00e9dure prud'homale issue de la loi \"Macron\" entre en vigueur. Elle vise \u00e0 acc\u00e9l\u00e9rer la mise en \u00e9tat et le jugement des affaires.","og_url":"https:\/\/margot-duclot-avocat.com\/avocatendroitdutravailetdunumerique\/prudhommes-nouvelle-procedure-entre-vigueur\/","og_site_name":"Etienne Margot-Duclot Avocat","article_published_time":"2016-06-19T00:00:55+00:00","article_modified_time":"2017-03-08T18:11:45+00:00","og_image":[{"width":768,"height":1024,"url":"https:\/\/margot-duclot-avocat.com\/wp-content\/uploads\/2016\/06\/P1020260-768x1024.jpg","type":"image\/jpeg"}],"author":"Etienne Margot-Duclot","twitter_card":"summary_large_image","twitter_creator":"@etienne_md","twitter_site":"@etienne_md","twitter_misc":{"\u00c9crit par":"Etienne Margot-Duclot","Dur\u00e9e de lecture estim\u00e9e":"4 minutes"},"schema":{"@context":"https:\/\/schema.org","@graph":[{"@type":"WebPage","@id":"https:\/\/margot-duclot-avocat.com\/avocatendroitdutravailetdunumerique\/prudhommes-nouvelle-procedure-entre-vigueur\/","url":"https:\/\/margot-duclot-avocat.com\/avocatendroitdutravailetdunumerique\/prudhommes-nouvelle-procedure-entre-vigueur\/","name":"Prud'hommes : la loi Macron entre en vigueur - Etienne Margot-Duclot Avocat","isPartOf":{"@id":"https:\/\/margot-duclot-avocat.com\/avocatendroitdutravailetdunumerique\/#website"},"datePublished":"2016-06-19T00:00:55+00:00","dateModified":"2017-03-08T18:11:45+00:00","author":{"@id":"https:\/\/margot-duclot-avocat.com\/avocatendroitdutravailetdunumerique\/#\/schema\/person\/a4ef5105b0d47abd26c559656023046d"},"description":"La nouvelle proc\u00e9dure prud'homale issue de la loi \"Macron\" entre en vigueur. Elle vise \u00e0 acc\u00e9l\u00e9rer la mise en \u00e9tat et le jugement des affaires.","breadcrumb":{"@id":"https:\/\/margot-duclot-avocat.com\/avocatendroitdutravailetdunumerique\/prudhommes-nouvelle-procedure-entre-vigueur\/#breadcrumb"},"inLanguage":"fr-FR","potentialAction":[{"@type":"ReadAction","target":["https:\/\/margot-duclot-avocat.com\/avocatendroitdutravailetdunumerique\/prudhommes-nouvelle-procedure-entre-vigueur\/"]}]},{"@type":"BreadcrumbList","@id":"https:\/\/margot-duclot-avocat.com\/avocatendroitdutravailetdunumerique\/prudhommes-nouvelle-procedure-entre-vigueur\/#breadcrumb","itemListElement":[{"@type":"ListItem","position":1,"name":"Accueil","item":"https:\/\/margot-duclot-avocat.com\/avocatendroitdutravailetdunumerique\/"},{"@type":"ListItem","position":2,"name":"Prud&rsquo;hommes : la loi Macron entre en vigueur"}]},{"@type":"WebSite","@id":"https:\/\/margot-duclot-avocat.com\/avocatendroitdutravailetdunumerique\/#website","url":"https:\/\/margot-duclot-avocat.com\/avocatendroitdutravailetdunumerique\/","name":"Etienne Margot-Duclot Avocat","description":"Droit du travail et num\u00e9rique","potentialAction":[{"@type":"SearchAction","target":{"@type":"EntryPoint","urlTemplate":"https:\/\/margot-duclot-avocat.com\/avocatendroitdutravailetdunumerique\/?s={search_term_string}"},"query-input":"required name=search_term_string"}],"inLanguage":"fr-FR"},{"@type":"Person","@id":"https:\/\/margot-duclot-avocat.com\/avocatendroitdutravailetdunumerique\/#\/schema\/person\/a4ef5105b0d47abd26c559656023046d","name":"Etienne Margot-Duclot","url":"https:\/\/margot-duclot-avocat.com\/avocatendroitdutravailetdunumerique\/author\/admin2779\/"}]}},"jetpack_featured_media_url":"https:\/\/margot-duclot-avocat.com\/wp-content\/uploads\/2016\/06\/P1020260.jpg","jetpack_sharing_enabled":true,"jetpack_shortlink":"https:\/\/wp.me\/p9uKSo-az","_links":{"self":[{"href":"https:\/\/margot-duclot-avocat.com\/avocatendroitdutravailetdunumerique\/wp-json\/wp\/v2\/posts\/655","targetHints":{"allow":["GET"]}}],"collection":[{"href":"https:\/\/margot-duclot-avocat.com\/avocatendroitdutravailetdunumerique\/wp-json\/wp\/v2\/posts"}],"about":[{"href":"https:\/\/margot-duclot-avocat.com\/avocatendroitdutravailetdunumerique\/wp-json\/wp\/v2\/types\/post"}],"author":[{"embeddable":true,"href":"https:\/\/margot-duclot-avocat.com\/avocatendroitdutravailetdunumerique\/wp-json\/wp\/v2\/users\/1"}],"replies":[{"embeddable":true,"href":"https:\/\/margot-duclot-avocat.com\/avocatendroitdutravailetdunumerique\/wp-json\/wp\/v2\/comments?post=655"}],"version-history":[{"count":37,"href":"https:\/\/margot-duclot-avocat.com\/avocatendroitdutravailetdunumerique\/wp-json\/wp\/v2\/posts\/655\/revisions"}],"predecessor-version":[{"id":1744,"href":"https:\/\/margot-duclot-avocat.com\/avocatendroitdutravailetdunumerique\/wp-json\/wp\/v2\/posts\/655\/revisions\/1744"}],"wp:featuredmedia":[{"embeddable":true,"href":"https:\/\/margot-duclot-avocat.com\/avocatendroitdutravailetdunumerique\/wp-json\/wp\/v2\/media\/664"}],"wp:attachment":[{"href":"https:\/\/margot-duclot-avocat.com\/avocatendroitdutravailetdunumerique\/wp-json\/wp\/v2\/media?parent=655"}],"wp:term":[{"taxonomy":"category","embeddable":true,"href":"https:\/\/margot-duclot-avocat.com\/avocatendroitdutravailetdunumerique\/wp-json\/wp\/v2\/categories?post=655"},{"taxonomy":"post_tag","embeddable":true,"href":"https:\/\/margot-duclot-avocat.com\/avocatendroitdutravailetdunumerique\/wp-json\/wp\/v2\/tags?post=655"}],"curies":[{"name":"wp","href":"https:\/\/api.w.org\/{rel}","templated":true}]}}